{"id":6397,"date":"2025-07-15T19:00:33","date_gmt":"2025-07-15T19:00:33","guid":{"rendered":"https:\/\/seo360pro.com\/casadasi\/?p=6397"},"modified":"2025-07-17T20:17:05","modified_gmt":"2025-07-17T20:17:05","slug":"as-criancas-a-autoestima-e-a-escola","status":"publish","type":"post","link":"https:\/\/seo360pro.com\/casadasi\/as-criancas-a-autoestima-e-a-escola\/","title":{"rendered":"As Crian\u00e7as, a Autoestima e a Escola"},"content":{"rendered":"\n<p><strong>As Crian\u00e7as, a Autoestima e a Escola<\/strong><strong><br><\/strong> <strong>Autoria: Simone Franco Cintra de Almeida \u2013 Psicopedagoga<\/strong><strong><br><\/strong> <strong>In Memoriam: Oswaldo Silos Cintra<\/strong><\/p>\n\n\n\n<p>\ud83d\udc9b &#8220;<em>Ao meu querido av\u00f4, Oswaldo Silos Cintra, que me ensinou que cada conquista se constr\u00f3i aos poucos, com paci\u00eancia e dedica\u00e7\u00e3o, assim como a galinha cheia o papo de gr\u00e3o em gr\u00e3o.&#8221;<\/em><\/p>\n\n\n\n<p><em>&#8220;De gr\u00e3o em gr\u00e3o, a galinha cheia o papo.&#8221;<\/em><\/p>\n\n\n\n<p>Na minha inf\u00e2ncia, as crian\u00e7as tinham direito a quatro coisas: comer, vestir, brincar e ir \u00e0 escola. N\u00e3o importava para os pais se gost\u00e1vamos da escola, da comida ou das roupas \u2013 gostar era um luxo para poucos.<\/p>\n\n\n\n<p>Mas e a autoestima? Algu\u00e9m se preocupava com isso naquela \u00e9poca? E hoje? Voc\u00ea j\u00e1 refletiu sobre como anda a autoestima do seu filho? Afinal, o que \u00e9 autoestima?<\/p>\n\n\n\n<p><strong>A Autoestima e a Autopercep\u00e7\u00e3o da Crian\u00e7a<\/strong><\/p>\n\n\n\n<p>A autoestima n\u00e3o est\u00e1 diretamente ligada \u00e0 felicidade ou alegria, mas \u00e0 forma como n\u00f3s nos percebemos e avaliamos nossas capacidades. Desde a inf\u00e2ncia, essa constru\u00e7\u00e3o ocorre nas intera\u00e7\u00f5es com pais, av\u00f3s, tios, amigos e, posteriormente, na escola, onde \u00e9 constantemente testada e ressignificada.<\/p>\n\n\n\n<p>N\u00e3o se trata apenas da apar\u00eancia, mas tamb\u00e9m da confian\u00e7a em aprender e enfrentar desafios. Uma crian\u00e7a com autoestima fragilizada pode apresentar dificuldades escolares, n\u00e3o por falta de capacidade, mas por n\u00e3o acreditar em si mesma. Muitas vezes, essa inseguran\u00e7a \u00e9 confundida com pregui\u00e7a, falta de interesse ou indisciplina. Por isso, \u00e9 essencial observar os sinais e, se necess\u00e1rio, procurar um especialista para uma avalia\u00e7\u00e3o adequada.<\/p>\n\n\n\n<p><strong>Construindo uma Autoestima Positiva<\/strong><\/p>\n\n\n\n<p>A autoestima se fortalece nas rela\u00e7\u00f5es ao longo da vida, e os adultos t\u00eam um papel fundamental nesse processo. O reconhecimento e a valoriza\u00e7\u00e3o das conquistas da crian\u00e7a s\u00e3o importantes, mas devem ser equilibrados. Elogios exagerados podem criar uma falsa percep\u00e7\u00e3o de compet\u00eancia, enquanto a aus\u00eancia de reconhecimento pode minar a confian\u00e7a.<\/p>\n\n\n\n<p>O essencial \u00e9 proporcionar um ambiente seguro, onde a crian\u00e7a se sinta livre para errar, aprender e melhorar. A forma como ela se v\u00ea est\u00e1 diretamente ligada ao que ouve e percebe no meio em que vive. Dessa forma, sua autorregula\u00e7\u00e3o \u2013 a capacidade de avaliar e ajustar suas emo\u00e7\u00f5es e a\u00e7\u00f5es \u2013 se desenvolve a partir das intera\u00e7\u00f5es familiares e escolares.<\/p>\n\n\n\n<p><strong>Autoestima e o Ambiente Escolar<\/strong><\/p>\n\n\n\n<p>Na escola, a autoestima continua a se moldar e pode sofrer impactos significativos. A bagagem emocional que a crian\u00e7a leva de casa influencia suas intera\u00e7\u00f5es sociais e seu desempenho acad\u00eamico.<\/p>\n\n\n\n<p>Uma crian\u00e7a criada em um ambiente acolhedor tende a enfrentar desafios escolares com mais confian\u00e7a. Por outro lado, se n\u00e3o se sente valorizada ou ouvida, pode desenvolver inseguran\u00e7a, afetando sua adapta\u00e7\u00e3o e aprendizado.<\/p>\n\n\n\n<p><strong>A Rela\u00e7\u00e3o Entre Autoestima e Aprendizagem<\/strong><\/p>\n\n\n\n<p>Crian\u00e7as que t\u00eam la\u00e7os afetivos s\u00f3lidos e um ambiente estruturado aprendem com mais facilidade. No entanto, nem todas as dificuldades acad\u00eamicas s\u00e3o apenas emocionais. Fatores org\u00e2nicos, dificuldades pontuais de aprendizagem, neurodesenvolvimento at\u00edpico, traumas, separa\u00e7\u00f5es ou falecimentos tamb\u00e9m podem afetar o desempenho escolar e a autoestima.<\/p>\n\n\n\n<p>Por isso, dificuldades persistentes devem ser investigadas por um olhar multidisciplinar. Psicopedagogos podem orientar as fam\u00edlias e, se necess\u00e1rio, encaminhar para outros profissionais, como fonoaudi\u00f3logos, psic\u00f3logos, psiquiatras e oftalmologistas. <strong>Toda dificuldade escolar \u00e9 um sintoma de que algo n\u00e3o vai bem.<\/strong><\/p>\n\n\n\n<p>Cada crian\u00e7a \u00e9 \u00fanica e desenvolve sua autoestima a partir das experi\u00eancias que vivencia. Como pais e educadores, devemos estar atentos \u00e0s necessidades emocionais dos pequenos, oferecendo suporte para que cres\u00e7am confiantes e preparados para os desafios da vida.<\/p>\n\n\n\n<p>Permitir que uma crian\u00e7a construa uma autoestima positiva n\u00e3o significa poup\u00e1-la de dificuldades, mas sim oferecer um ambiente no qual ela possa experimentar, errar, acertar e se fortalecer. Afinal, como diz o ditado, <strong>&#8220;de gr\u00e3o em gr\u00e3o, a galinha cheia o papo&#8221;<\/strong> \u2013 e cada experi\u00eancia contribui para o desenvolvimento de uma crian\u00e7a mais segura e feliz.<\/p>\n\n\n\n<hr class=\"wp-block-separator has-alpha-channel-opacity\"\/>\n\n\n\n<p><strong>Refer\u00eancias<\/strong><\/p>\n\n\n\n<ul class=\"wp-block-list\">\n<li>BRANDEN, N. <em>Os Seis Pilares da Autoestima<\/em>. S\u00e3o Paulo: Saraiva, 1999.<\/li>\n\n\n\n<li>DAM\u00c1SIO, A. <em>O Mist\u00e9rio da Consci\u00eancia<\/em>. S\u00e3o Paulo: Companhia das Letras, 2000.<\/li>\n\n\n\n<li>VYGOTSKY, L. S. <em>A Forma\u00e7\u00e3o Social da Mente<\/em>. S\u00e3o Paulo: Martins Fontes, 1998.<\/li>\n\n\n\n<li>PIAGET, J. <em>A Psicologia da Crian\u00e7a<\/em>. Rio de Janeiro: Bertrand Brasil, 1994.<\/li>\n<\/ul>\n","protected":false},"excerpt":{"rendered":"<p>As Crian\u00e7as, a Autoestima e a Escola Autoria: Simone Franco Cintra de Almeida \u2013 Psicopedagoga In Memoriam: Oswaldo Silos Cintra \ud83d\udc9b &#8220;Ao meu querido av\u00f4,&#8230;<\/p>\n","protected":false},"author":1,"featured_media":6491,"comment_status":"open","ping_status":"open","sticky":false,"template":"","format":"standard","meta":{"footnotes":""},"categories":[1],"tags":[],"class_list":{"0":"post-6397","1":"post","2":"type-post","3":"status-publish","4":"format-standard","5":"has-post-thumbnail","7":"category-noticias"},"_links":{"self":[{"href":"https:\/\/seo360pro.com\/casadasi\/wp-json\/wp\/v2\/posts\/6397","targetHints":{"allow":["GET"]}}],"collection":[{"href":"https:\/\/seo360pro.com\/casadasi\/wp-json\/wp\/v2\/posts"}],"about":[{"href":"https:\/\/seo360pro.com\/casadasi\/wp-json\/wp\/v2\/types\/post"}],"author":[{"embeddable":true,"href":"https:\/\/seo360pro.com\/casadasi\/wp-json\/wp\/v2\/users\/1"}],"replies":[{"embeddable":true,"href":"https:\/\/seo360pro.com\/casadasi\/wp-json\/wp\/v2\/comments?post=6397"}],"version-history":[{"count":1,"href":"https:\/\/seo360pro.com\/casadasi\/wp-json\/wp\/v2\/posts\/6397\/revisions"}],"predecessor-version":[{"id":6398,"href":"https:\/\/seo360pro.com\/casadasi\/wp-json\/wp\/v2\/posts\/6397\/revisions\/6398"}],"wp:featuredmedia":[{"embeddable":true,"href":"https:\/\/seo360pro.com\/casadasi\/wp-json\/wp\/v2\/media\/6491"}],"wp:attachment":[{"href":"https:\/\/seo360pro.com\/casadasi\/wp-json\/wp\/v2\/media?parent=6397"}],"wp:term":[{"taxonomy":"category","embeddable":true,"href":"https:\/\/seo360pro.com\/casadasi\/wp-json\/wp\/v2\/categories?post=6397"},{"taxonomy":"post_tag","embeddable":true,"href":"https:\/\/seo360pro.com\/casadasi\/wp-json\/wp\/v2\/tags?post=6397"}],"curies":[{"name":"wp","href":"https:\/\/api.w.org\/{rel}","templated":true}]}}